{"id":885,"date":"2022-07-27T19:45:26","date_gmt":"2022-07-27T15:45:26","guid":{"rendered":"https:\/\/enlaciutat.es\/wordpress\/?p=885"},"modified":"2023-05-01T12:49:00","modified_gmt":"2023-05-01T08:49:00","slug":"practiced-conceived-and-lived-space-in-the-postdigital-city-published-in-stoa-journal-of-architecture","status":"publish","type":"post","link":"https:\/\/enlaciutat.es\/wordpress\/?p=885","title":{"rendered":"Practiced, Conceived and Lived Space in the Postdigital City &#8211; published in STOA, Journal of Architecture"},"content":{"rendered":"\n<p>Alvaro, S. (2022). Practiced, Conceived and Lived space in the Postdigital City. <em>Estoa. Revista De La Facultad De Arquitectura Y Urbanismo De La Universidad De Cuenca<\/em>, <em>11<\/em>(22). Recuperado a partir de https:\/\/publicaciones.ucuenca.edu.ec\/ojs\/index.php\/estoa\/article\/view\/3950<\/p>\n\n\n\n<p><strong>Abstract:<\/strong> <\/p>\n\n\n\n<p><em>The pandemic has highlighted the fast transmission of needs, goods and<br>ideas that sustain the functionality of our globalised, networked world.<br>At the same time, it has highlighted the resilience and unbreakability of<br>this network when transporting undesirable events such as fake news or a virus.<br>Henceforth, this situation has forced us to rethink how we plan our inhabited<br>space. Since the inception of ubiquitous computing, the city has mutated under a<br>new technologically mediated functionalism, overlaid by the platforms of a global<br>and highly relational system that is submitting space to the logic of computing.<br>Fruit of previous doctoral research, this article reviews the transformations<br>leading to the constitution of this technologically mediated urban space and<br>analyses them by applying Lefebvre\u2019s Unitarian Theory of Space. The objective is<br>to unveil the challenges of the postdigital urban space and present projects that<br>point towards alternative possibilities for urban planning.<\/em><br><\/p>\n\n\n\n<p><strong>Keywords: <\/strong>postdigital; new urbanism; ubiquitous computing; Lefebvre; digital art.<br><\/p>\n\n\n\n<p><strong>Resumen:<\/strong><br>La pandemia provocada por el covid-19 ha puesto de manifiesto c\u00f3mo la<br>funcionalidad del mundo globalizado se sustenta en la r\u00e1pida transmisi\u00f3n<br>de bienes, necesidades e ideas a trav\u00e9s de una densa red de conexiones, as\u00ed<br>como la resiliencia e inquebrantabilidad de esta red cuando transporta eventos<br>indeseables, como pueden ser las noticias falsas o un virus. Esta situaci\u00f3n nos<br>fuerza a replantearnos c\u00f3mo hemos planificado el espacio urbano. Desde la<br>aparici\u00f3n de la computaci\u00f3n ubicua, la ciudad se ha visto transformada por<br>un funcionalismo tecnol\u00f3gicamente mediado, que sobreimpuesto por las<br>plataformas de un sistema global y altamente relacional, est\u00e1 sometiendo el<br>espacio a la l\u00f3gica de la computaci\u00f3n. Fruto de una investigaci\u00f3n doctoral previa,<br>este texto revisa las transformaciones que han llevado a la constituci\u00f3n de este<br>espacio urbano global y tecnol\u00f3gicamente mediado y las analiza aplicando la<br>Teor\u00eda Unitaria del Espacio de Lefebvre. El objetivo de este an\u00e1lisis es desvelar<br>los m\u00faltiples problemas que conlleva este espacio Postdigital y al mismo tiempo<br>exponer proyectos que apuntan a posibilidades alternativas para el planeamiento<br>urbano.<br><strong>Palabras clave: <\/strong>postdigital; nuevo urbanismo; computaci\u00f3n ubicua; Lefebvre; arte<br>digital.<\/p>\n\n\n\n<figure class=\"wp-block-image size-full\"><a href=\"https:\/\/enlaciutat.es\/wordpress\/wp-content\/uploads\/2022\/07\/imagen.png\"><img loading=\"lazy\" decoding=\"async\" width=\"88\" height=\"31\" src=\"https:\/\/enlaciutat.es\/wordpress\/wp-content\/uploads\/2022\/07\/imagen.png\" alt=\"\" class=\"wp-image-886\"\/><\/a><\/figure>\n\n\n\n<p><a href=\"https:\/\/publicaciones.ucuenca.edu.ec\/ojs\/index.php\/estoa\/article\/view\/3950\" target=\"_blank\" rel=\"noreferrer noopener\">Read full text<\/a><\/p>\n","protected":false},"excerpt":{"rendered":"<p>Alvaro, S. (2022). Practiced, Conceived and Lived space in the Postdigital City. Estoa. Revista De La Facultad De Arquitectura Y Urbanismo De La Universidad De Cuenca, 11(22). Recuperado a partir de https:\/\/publicaciones.ucuenca.edu.ec\/ojs\/index.php\/estoa\/article\/view\/3950 Abstract: The pandemic has highlighted the fast transmission of needs, goods andideas that sustain the functionality of our globalised, networked world.At the same &hellip; <\/p>\n<p><a class=\"more-link btn\" href=\"https:\/\/enlaciutat.es\/wordpress\/?p=885\">Continue reading<\/a><\/p>\n","protected":false},"author":1,"featured_media":887,"comment_status":"closed","ping_status":"closed","sticky":false,"template":"","format":"standard","meta":{"footnotes":""},"categories":[63,39,104],"tags":[101,102,73,25],"class_list":["post-885","post","type-post","status-publish","format-standard","has-post-thumbnail","hentry","category-gallery","category-publications","category-research","tag-lefebvre","tag-postdigital","tag-ubiquitous-computing","tag-espai-urba","nodate","item-wrap"],"_links":{"self":[{"href":"https:\/\/enlaciutat.es\/wordpress\/index.php?rest_route=\/wp\/v2\/posts\/885","targetHints":{"allow":["GET"]}}],"collection":[{"href":"https:\/\/enlaciutat.es\/wordpress\/index.php?rest_route=\/wp\/v2\/posts"}],"about":[{"href":"https:\/\/enlaciutat.es\/wordpress\/index.php?rest_route=\/wp\/v2\/types\/post"}],"author":[{"embeddable":true,"href":"https:\/\/enlaciutat.es\/wordpress\/index.php?rest_route=\/wp\/v2\/users\/1"}],"replies":[{"embeddable":true,"href":"https:\/\/enlaciutat.es\/wordpress\/index.php?rest_route=%2Fwp%2Fv2%2Fcomments&post=885"}],"version-history":[{"count":1,"href":"https:\/\/enlaciutat.es\/wordpress\/index.php?rest_route=\/wp\/v2\/posts\/885\/revisions"}],"predecessor-version":[{"id":888,"href":"https:\/\/enlaciutat.es\/wordpress\/index.php?rest_route=\/wp\/v2\/posts\/885\/revisions\/888"}],"wp:featuredmedia":[{"embeddable":true,"href":"https:\/\/enlaciutat.es\/wordpress\/index.php?rest_route=\/wp\/v2\/media\/887"}],"wp:attachment":[{"href":"https:\/\/enlaciutat.es\/wordpress\/index.php?rest_route=%2Fwp%2Fv2%2Fmedia&parent=885"}],"wp:term":[{"taxonomy":"category","embeddable":true,"href":"https:\/\/enlaciutat.es\/wordpress\/index.php?rest_route=%2Fwp%2Fv2%2Fcategories&post=885"},{"taxonomy":"post_tag","embeddable":true,"href":"https:\/\/enlaciutat.es\/wordpress\/index.php?rest_route=%2Fwp%2Fv2%2Ftags&post=885"}],"curies":[{"name":"wp","href":"https:\/\/api.w.org\/{rel}","templated":true}]}}