{"id":869,"date":"2022-07-21T20:00:41","date_gmt":"2022-07-21T16:00:41","guid":{"rendered":"https:\/\/enlaciutat.es\/wordpress\/?p=869"},"modified":"2024-08-15T13:18:13","modified_gmt":"2024-08-15T09:18:13","slug":"paisajes-yarquitecturasdel-error-seminario-internacional","status":"publish","type":"post","link":"https:\/\/enlaciutat.es\/wordpress\/?p=869","title":{"rendered":"PAISAJES Y ARQUITECTURAS DEL ERROR &#8211; Seminario Internacional"},"content":{"rendered":"\n<figure class=\"wp-block-image size-large\"><a href=\"https:\/\/enlaciutat.es\/wordpress\/wp-content\/uploads\/2022\/07\/fotoblog.jpg\"><img loading=\"lazy\" decoding=\"async\" width=\"1024\" height=\"514\" src=\"https:\/\/enlaciutat.es\/wordpress\/wp-content\/uploads\/2022\/07\/fotoblog-1024x514.jpg\" alt=\"\" class=\"wp-image-870\" srcset=\"https:\/\/enlaciutat.es\/wordpress\/wp-content\/uploads\/2022\/07\/fotoblog-1024x514.jpg 1024w, https:\/\/enlaciutat.es\/wordpress\/wp-content\/uploads\/2022\/07\/fotoblog-300x151.jpg 300w, https:\/\/enlaciutat.es\/wordpress\/wp-content\/uploads\/2022\/07\/fotoblog-768x385.jpg 768w, https:\/\/enlaciutat.es\/wordpress\/wp-content\/uploads\/2022\/07\/fotoblog-1536x771.jpg 1536w, https:\/\/enlaciutat.es\/wordpress\/wp-content\/uploads\/2022\/07\/fotoblog-847x425.jpg 847w, https:\/\/enlaciutat.es\/wordpress\/wp-content\/uploads\/2022\/07\/fotoblog.jpg 1800w\" sizes=\"auto, (max-width: 1024px) 100vw, 1024px\" \/><\/a><figcaption class=\"wp-element-caption\">Fotografia proceso cientifico grupo dparq<\/figcaption><\/figure>\n\n\n\n<p>MORILLE (SALAMANCA)<br>27, 28, 29 Y 30 DE SEPTIEMBRE <\/p>\n\n\n\n<p>El Seminario Internacional <small>Ruinas y Descampados<\/small> se centrar\u00e1 en los paisajes olvidados y arruinados por la furia del progreso. Al respecto, se debatir\u00e1 sobre f\u00e1bricas y minas abandonadas, puertos en decadencia, pueblos sumergidos por las presas, urbanizaciones nunca habitadas o bosques plantados y luego olvidados. A pesar de todo, el objetivo del evento no es el de recrearse en los yermos, sino el de mostrar esa vida y ese arte que crecen en los m\u00e1rgenes del sue\u00f1o del capitalismo. Adem\u00e1s de reunir a algunos de los mayores pensadores y especialistas europeos en Teor\u00eda y Pr\u00e1ctica del Paisaje, las conferencias se acompa\u00f1ar\u00e1n de actividades complementarias, como mesas de debate o un ciclo de cortometrajes, entre otras.<\/p>\n\n\n\n<p><a href=\"http:\/\/www.deparq.info\/pdf\/cartel-ruinas-descampados.pdf\" data-type=\"URL\" data-id=\"http:\/\/www.deparq.info\/pdf\/cartel-ruinas-descampados.pdf\" target=\"_blank\" rel=\"noreferrer noopener\">Programa<\/a><\/p>\n\n\n\n<p>Se debatir\u00e1n los primeros resultados del<strong> proyectoPaisajes y arquitecturas del error. Contra-historia delpaisaje en la Europa latina (1945-2020). PID2020-112921GB-I00<\/strong><\/p>\n\n\n\n<blockquote class=\"wp-block-quote is-layout-flow wp-block-quote-is-layout-flow\">\n<p>Deparq es un proyecto de investigaci\u00f3n centrado en el estudio de los paisajes marginales y arruinados del capitalismo industrial y postindustrial en el Sur de Europa. Hasta hace unos a\u00f1os, el grueso de las intervenciones en el \u00e1mbito de la arquitectura y el urbanismo contempor\u00e1neos ten\u00eda que ver con cierta espiral de demoliciones y construcciones basada en un modelo econ\u00f3mico de desarrollo infinito. El contexto del Antropoceno y la insistencia en el cambio clim\u00e1tico est\u00e1n dando al traste con la l\u00f3gica intervencionista y de construcci\u00f3n basada en el crecimiento y la humanizaci\u00f3n desatados. Ahora de lo que se trata es de denunciar los peligros de ese crecimiento imparable y de vislumbrar otros modelos.<\/p>\n<cite><a href=\"http:\/\/www.deparq.info\/index.php\/proyecto\/\" target=\"_blank\" rel=\"noreferrer noopener\">http:\/\/www.deparq.info\/index.php\/proyecto\/<\/a><\/cite><\/blockquote>\n\n\n\n<p><\/p>\n\n\n\n<p>Ponentes:  Sandra \u00c1lvaro S\u00e1nchez, Jean-Marc Besse, Ram\u00f3n del Castillo, Ignacio Castro Rey, Gilles Cl\u00e9ment [pendiente], Mat\u00edas G. Rodr\u00edguez, Roque Lazcano V\u00e1zquez, Pedro de Llano Neira, Sergio Meijide Casas, Raffaele Milani, M\u00aa Carmen Molina Barea, Iv\u00e1n Moure Pazos, Rafela Nicolau, Ux\u00edo Otero Urtaza, Arantxa P\u00e9rez Indaverea, Henar Rivi\u00e8re R\u00edos, Guillermo Rodr\u00edguez Alonso, Alberto Ruiz de Samaniego, Pere Sala i Mart\u00ed, Federico L. Silvestre, Miguel Serrano P\u00e9rez, Gilles A. Tiberghien, Anna Zahonero Xifr\u00e9<\/p>\n\n\n\n<figure class=\"wp-block-image size-large\"><a href=\"https:\/\/enlaciutat.es\/wordpress\/wp-content\/uploads\/2023\/07\/NomadologiaBotanica.jpg\"><img loading=\"lazy\" decoding=\"async\" width=\"1024\" height=\"724\" src=\"https:\/\/enlaciutat.es\/wordpress\/wp-content\/uploads\/2023\/07\/NomadologiaBotanica-1024x724.jpg\" alt=\"Presentaci\u00f3n Nomadolog\u00eda Bot\u00e1nica del Depaisaje\" class=\"wp-image-969\" srcset=\"https:\/\/enlaciutat.es\/wordpress\/wp-content\/uploads\/2023\/07\/NomadologiaBotanica-1024x724.jpg 1024w, https:\/\/enlaciutat.es\/wordpress\/wp-content\/uploads\/2023\/07\/NomadologiaBotanica-300x212.jpg 300w, https:\/\/enlaciutat.es\/wordpress\/wp-content\/uploads\/2023\/07\/NomadologiaBotanica-768x543.jpg 768w, https:\/\/enlaciutat.es\/wordpress\/wp-content\/uploads\/2023\/07\/NomadologiaBotanica-847x599.jpg 847w, https:\/\/enlaciutat.es\/wordpress\/wp-content\/uploads\/2023\/07\/NomadologiaBotanica.jpg 1530w\" sizes=\"auto, (max-width: 1024px) 100vw, 1024px\" \/><\/a><\/figure>\n\n\n\n<h2 class=\"wp-block-heading\">Comunicaci\u00f3n: Nomadolog\u00eda Bot\u00e1nica del Depaisaje (Sandra \u00c1lvaro y Miguel Serrano<\/h2>\n\n\n\n<p><a href=\"https:\/\/vimeo.com\/790786564\" data-type=\"URL\" data-id=\"https:\/\/vimeo.com\/790786564\">ver en vimeo<\/a> (Observatori del Paisatje de Catalunya)<\/p>\n","protected":false},"excerpt":{"rendered":"<p>MORILLE (SALAMANCA)27, 28, 29 Y 30 DE SEPTIEMBRE El Seminario Internacional Ruinas y Descampados se centrar\u00e1 en los paisajes olvidados y arruinados por la furia del progreso. Al respecto, se debatir\u00e1 sobre f\u00e1bricas y minas abandonadas, puertos en decadencia, pueblos sumergidos por las presas, urbanizaciones nunca habitadas o bosques plantados y luego olvidados. A pesar &hellip; <\/p>\n<p><a class=\"more-link btn\" href=\"https:\/\/enlaciutat.es\/wordpress\/?p=869\">Continue reading<\/a><\/p>\n","protected":false},"author":1,"featured_media":969,"comment_status":"closed","ping_status":"closed","sticky":false,"template":"","format":"standard","meta":{"footnotes":""},"categories":[44,63,104],"tags":[120,167,169,25,168],"class_list":["post-869","post","type-post","status-publish","format-standard","has-post-thumbnail","hentry","category-communications","category-gallery","category-research","tag-anthropocene","tag-landscape","tag-observatori-del-paisatge","tag-espai-urba","tag-usc","nodate","item-wrap"],"_links":{"self":[{"href":"https:\/\/enlaciutat.es\/wordpress\/index.php?rest_route=\/wp\/v2\/posts\/869","targetHints":{"allow":["GET"]}}],"collection":[{"href":"https:\/\/enlaciutat.es\/wordpress\/index.php?rest_route=\/wp\/v2\/posts"}],"about":[{"href":"https:\/\/enlaciutat.es\/wordpress\/index.php?rest_route=\/wp\/v2\/types\/post"}],"author":[{"embeddable":true,"href":"https:\/\/enlaciutat.es\/wordpress\/index.php?rest_route=\/wp\/v2\/users\/1"}],"replies":[{"embeddable":true,"href":"https:\/\/enlaciutat.es\/wordpress\/index.php?rest_route=%2Fwp%2Fv2%2Fcomments&post=869"}],"version-history":[{"count":6,"href":"https:\/\/enlaciutat.es\/wordpress\/index.php?rest_route=\/wp\/v2\/posts\/869\/revisions"}],"predecessor-version":[{"id":971,"href":"https:\/\/enlaciutat.es\/wordpress\/index.php?rest_route=\/wp\/v2\/posts\/869\/revisions\/971"}],"wp:featuredmedia":[{"embeddable":true,"href":"https:\/\/enlaciutat.es\/wordpress\/index.php?rest_route=\/wp\/v2\/media\/969"}],"wp:attachment":[{"href":"https:\/\/enlaciutat.es\/wordpress\/index.php?rest_route=%2Fwp%2Fv2%2Fmedia&parent=869"}],"wp:term":[{"taxonomy":"category","embeddable":true,"href":"https:\/\/enlaciutat.es\/wordpress\/index.php?rest_route=%2Fwp%2Fv2%2Fcategories&post=869"},{"taxonomy":"post_tag","embeddable":true,"href":"https:\/\/enlaciutat.es\/wordpress\/index.php?rest_route=%2Fwp%2Fv2%2Ftags&post=869"}],"curies":[{"name":"wp","href":"https:\/\/api.w.org\/{rel}","templated":true}]}}