{"id":832,"date":"2021-07-17T13:57:15","date_gmt":"2021-07-17T09:57:15","guid":{"rendered":"http:\/\/enlaciutat.es\/wordpress\/?p=832"},"modified":"2021-10-10T16:17:34","modified_gmt":"2021-10-10T12:17:34","slug":"exposicio-art-postmedia-nous-formats-i-comunicacio-a-la-biblioteca-dhumanitats-de-la-universitat-autonoma-de-barcelona","status":"publish","type":"post","link":"https:\/\/enlaciutat.es\/wordpress\/?p=832","title":{"rendered":"Exposici\u00f3: &#8216;Art Postmedia Nous Formats i Comunicaci\u00f3&#8217; a la Biblioteca d\u2019Humanitats de la Universitat Aut\u00f2noma de Barcelona"},"content":{"rendered":"\n<figure class=\"wp-block-image\"><img loading=\"lazy\" decoding=\"async\" width=\"1024\" height=\"480\" src=\"https:\/\/enlaciutat.es\/wordpress\/wp-content\/uploads\/2021\/07\/cap\u00e7alera-1024x480.jpeg\" alt=\"\" class=\"wp-image-833\" srcset=\"https:\/\/enlaciutat.es\/wordpress\/wp-content\/uploads\/2021\/07\/cap\u00e7alera-1024x480.jpeg 1024w, https:\/\/enlaciutat.es\/wordpress\/wp-content\/uploads\/2021\/07\/cap\u00e7alera-300x141.jpeg 300w, https:\/\/enlaciutat.es\/wordpress\/wp-content\/uploads\/2021\/07\/cap\u00e7alera-768x360.jpeg 768w, https:\/\/enlaciutat.es\/wordpress\/wp-content\/uploads\/2021\/07\/cap\u00e7alera.jpeg 1280w\" sizes=\"auto, (max-width: 1024px) 100vw, 1024px\" \/><figcaption>Art Postmedia: Nous Formats i Comunicaci\u00f3<\/figcaption><\/figure>\n\n\n\n<blockquote class=\"wp-block-quote is-layout-flow wp-block-quote-is-layout-flow\"><p><strong>Aquesta exposici\u00f3 mostra el programa realitzat per Sandra Alvaro per l\u2019assignatura d\u2019Art Contemporani del Grau en Comunicaci\u00f3 Audiovisual de la Universitat Aut\u00f2noma de Barcelona mitjan\u00e7ant una selecci\u00f3 dels treballs realitzats pels estudiants.    <\/strong><\/p><cite><a href=\"https:\/\/mirades.uab.cat\/exposicions\/biblioteques\/artcontemporani\">https:\/\/mirades.uab.cat\/exposicions\/exhibits\/show\/artcontemporani<\/a><\/cite><\/blockquote>\n\n\n\n<p>L\u2019assignatura d\u2019Art Contemporani del grau de \nComunicaci\u00f3 Audiovisual introdueix l\u2019alumnat en l\u2019ecosistema de la \ncreaci\u00f3 contempor\u00e0nia, fent especial atenci\u00f3 a com aquest es desenvolupa\n en di\u00e0leg amb els nous aven\u00e7os tecnol\u00f2gics i socials del seu temps. \nD\u2019aquesta manera el programa de l\u2019assignatura contempla els canvis \nsocials, culturals i cient\u00edfic-t\u00e8cnics que caracteritzen el m\u00f3n \ncontemporani, per d\u2019una banda: introduir els conceptes que han sorgit, \nen diferents camps de pensament, per donar-ne ra\u00f3, des de el punt de \nvista del seu significat est\u00e8tic i de l\u2019aplicaci\u00f3 que se\u2019n fa a la \ncreaci\u00f3 art\u00edstica. D\u2019altra banda, per ensenyar els nous formats i \nestrat\u00e8gies art\u00edstiques que s\u2019han desenvolupat des de les Avantguardes, \naix\u00ed com la seva transformaci\u00f3 a partir de la converg\u00e8ncia tecnol\u00f2gica \nque es produeix a partir de l\u2019accessibilitat als nous mitjans \ntecnol\u00f2gics i que definir\u00e0 l\u2019art Postmedia. Aquests conceptes i \nestrat\u00e8gies de creaci\u00f3 s\u2019introdueixen a partir de la seva apropiaci\u00f3 \nart\u00edstica en el tractament de temes que articulen la creaci\u00f3 \ncontempor\u00e0nia, tot reflectint les preocupacions de les noves \ngeneracions, com s\u00f3n: l\u2019experi\u00e8ncia i definici\u00f3 del subjecte confrontat a\n un m\u00f3n canviant i cada vegada m\u00e9s digitalitzat; la construcci\u00f3 i \nadministraci\u00f3 de l\u2019entorn urb\u00e0 i els afectes que aquest t\u00e9 sobre la vida\n dels individus; les crisis mediambientals que acompanyen la definici\u00f3 \nde l\u2019Antropoc\u00e8.<\/p>\n\n\n\n<p>El que es mostra en aquesta exposici\u00f3 es una selecci\u00f3 dels treballs  finals realitzats pels alumnes. Aquests treballs, m\u00e9s enll\u00e0 de formar  part del proc\u00e9s d\u2019avaluaci\u00f3, suposen una part important de la  metodologia docent. Son treballs en equip, en que es fomenta la  col\u00b7laboraci\u00f3, el comprom\u00eds en un objectiu com\u00fa i la capacitat dels  alumnes per a la comunicaci\u00f3 eficient cap a l\u2019emerg\u00e8ncia d\u2019una  interdepend\u00e8ncia positiva. Aquest treball col\u00b7laboratiu permet als  alumnes implicar-se i esdevenir part activa en una problem\u00e0tica actual  del seu inter\u00e8s, aprofundint d\u2019aquesta manera en els conceptes y  pr\u00e0ctiques proposades al curs \u2018mans al treball\u2019 i mentre experimenten  amb els formats i pr\u00e0ctiques proposats per desenvolupar la seva pr\u00f2pia  aportaci\u00f3<\/p>\n\n\n\n<ul class=\"wp-block-gallery columns-3 is-cropped wp-block-gallery-1 is-layout-flex wp-block-gallery-is-layout-flex\"><li class=\"blocks-gallery-item\"><figure><img loading=\"lazy\" decoding=\"async\" width=\"1024\" height=\"577\" src=\"https:\/\/enlaciutat.es\/wordpress\/wp-content\/uploads\/2021\/07\/ArquitecturaHostilw-1024x577.jpg\" alt=\"\" data-id=\"836\" data-link=\"https:\/\/enlaciutat.es\/wordpress\/?attachment_id=836\" class=\"wp-image-836\" srcset=\"https:\/\/enlaciutat.es\/wordpress\/wp-content\/uploads\/2021\/07\/ArquitecturaHostilw-1024x577.jpg 1024w, https:\/\/enlaciutat.es\/wordpress\/wp-content\/uploads\/2021\/07\/ArquitecturaHostilw-300x169.jpg 300w, https:\/\/enlaciutat.es\/wordpress\/wp-content\/uploads\/2021\/07\/ArquitecturaHostilw-768x432.jpg 768w, https:\/\/enlaciutat.es\/wordpress\/wp-content\/uploads\/2021\/07\/ArquitecturaHostilw.jpg 1918w\" sizes=\"auto, (max-width: 1024px) 100vw, 1024px\" \/><\/figure><\/li><li class=\"blocks-gallery-item\"><figure><img loading=\"lazy\" decoding=\"async\" width=\"1024\" height=\"544\" src=\"https:\/\/enlaciutat.es\/wordpress\/wp-content\/uploads\/2021\/07\/ciutatconectada-1024x544.jpg\" alt=\"\" data-id=\"837\" data-link=\"https:\/\/enlaciutat.es\/wordpress\/?attachment_id=837\" class=\"wp-image-837\" srcset=\"https:\/\/enlaciutat.es\/wordpress\/wp-content\/uploads\/2021\/07\/ciutatconectada-1024x544.jpg 1024w, https:\/\/enlaciutat.es\/wordpress\/wp-content\/uploads\/2021\/07\/ciutatconectada-300x159.jpg 300w, https:\/\/enlaciutat.es\/wordpress\/wp-content\/uploads\/2021\/07\/ciutatconectada-768x408.jpg 768w, https:\/\/enlaciutat.es\/wordpress\/wp-content\/uploads\/2021\/07\/ciutatconectada.jpg 1428w\" sizes=\"auto, (max-width: 1024px) 100vw, 1024px\" \/><\/figure><\/li><li class=\"blocks-gallery-item\"><figure><img loading=\"lazy\" decoding=\"async\" width=\"1024\" height=\"965\" src=\"https:\/\/enlaciutat.es\/wordpress\/wp-content\/uploads\/2021\/07\/ColorSobreGris-1024x965.jpg\" alt=\"\" data-id=\"838\" data-link=\"https:\/\/enlaciutat.es\/wordpress\/?attachment_id=838\" class=\"wp-image-838\" srcset=\"https:\/\/enlaciutat.es\/wordpress\/wp-content\/uploads\/2021\/07\/ColorSobreGris-1024x965.jpg 1024w, https:\/\/enlaciutat.es\/wordpress\/wp-content\/uploads\/2021\/07\/ColorSobreGris-300x283.jpg 300w, https:\/\/enlaciutat.es\/wordpress\/wp-content\/uploads\/2021\/07\/ColorSobreGris-768x724.jpg 768w, https:\/\/enlaciutat.es\/wordpress\/wp-content\/uploads\/2021\/07\/ColorSobreGris.jpg 1097w\" sizes=\"auto, (max-width: 1024px) 100vw, 1024px\" \/><\/figure><\/li><li class=\"blocks-gallery-item\"><figure><img loading=\"lazy\" decoding=\"async\" width=\"1024\" height=\"771\" src=\"https:\/\/enlaciutat.es\/wordpress\/wp-content\/uploads\/2021\/07\/ElTrendelSoroll-1024x771.jpg\" alt=\"\" data-id=\"839\" data-link=\"https:\/\/enlaciutat.es\/wordpress\/?attachment_id=839\" class=\"wp-image-839\" srcset=\"https:\/\/enlaciutat.es\/wordpress\/wp-content\/uploads\/2021\/07\/ElTrendelSoroll-1024x771.jpg 1024w, https:\/\/enlaciutat.es\/wordpress\/wp-content\/uploads\/2021\/07\/ElTrendelSoroll-300x226.jpg 300w, https:\/\/enlaciutat.es\/wordpress\/wp-content\/uploads\/2021\/07\/ElTrendelSoroll-768x578.jpg 768w, https:\/\/enlaciutat.es\/wordpress\/wp-content\/uploads\/2021\/07\/ElTrendelSoroll.jpg 1097w\" sizes=\"auto, (max-width: 1024px) 100vw, 1024px\" \/><\/figure><\/li><li class=\"blocks-gallery-item\"><figure><img loading=\"lazy\" decoding=\"async\" width=\"1024\" height=\"572\" src=\"https:\/\/enlaciutat.es\/wordpress\/wp-content\/uploads\/2021\/07\/ManifestoCiberfeminista-1024x572.jpg\" alt=\"\" data-id=\"840\" data-link=\"https:\/\/enlaciutat.es\/wordpress\/?attachment_id=840\" class=\"wp-image-840\" srcset=\"https:\/\/enlaciutat.es\/wordpress\/wp-content\/uploads\/2021\/07\/ManifestoCiberfeminista-1024x572.jpg 1024w, https:\/\/enlaciutat.es\/wordpress\/wp-content\/uploads\/2021\/07\/ManifestoCiberfeminista-300x168.jpg 300w, https:\/\/enlaciutat.es\/wordpress\/wp-content\/uploads\/2021\/07\/ManifestoCiberfeminista-768x429.jpg 768w, https:\/\/enlaciutat.es\/wordpress\/wp-content\/uploads\/2021\/07\/ManifestoCiberfeminista.jpg 1254w\" sizes=\"auto, (max-width: 1024px) 100vw, 1024px\" \/><\/figure><\/li><li class=\"blocks-gallery-item\"><figure><img loading=\"lazy\" decoding=\"async\" width=\"1024\" height=\"965\" src=\"https:\/\/enlaciutat.es\/wordpress\/wp-content\/uploads\/2021\/07\/PerformArt-1024x965.jpg\" alt=\"\" data-id=\"841\" data-link=\"https:\/\/enlaciutat.es\/wordpress\/?attachment_id=841\" class=\"wp-image-841\" srcset=\"https:\/\/enlaciutat.es\/wordpress\/wp-content\/uploads\/2021\/07\/PerformArt-1024x965.jpg 1024w, https:\/\/enlaciutat.es\/wordpress\/wp-content\/uploads\/2021\/07\/PerformArt-300x283.jpg 300w, https:\/\/enlaciutat.es\/wordpress\/wp-content\/uploads\/2021\/07\/PerformArt-768x724.jpg 768w, https:\/\/enlaciutat.es\/wordpress\/wp-content\/uploads\/2021\/07\/PerformArt.jpg 1097w\" sizes=\"auto, (max-width: 1024px) 100vw, 1024px\" \/><\/figure><\/li><li class=\"blocks-gallery-item\"><figure><img loading=\"lazy\" decoding=\"async\" width=\"1024\" height=\"643\" src=\"https:\/\/enlaciutat.es\/wordpress\/wp-content\/uploads\/2021\/07\/UnderArgosVigilance-1024x643.jpg\" alt=\"\" data-id=\"842\" data-link=\"https:\/\/enlaciutat.es\/wordpress\/?attachment_id=842\" class=\"wp-image-842\" srcset=\"https:\/\/enlaciutat.es\/wordpress\/wp-content\/uploads\/2021\/07\/UnderArgosVigilance-1024x643.jpg 1024w, https:\/\/enlaciutat.es\/wordpress\/wp-content\/uploads\/2021\/07\/UnderArgosVigilance-300x188.jpg 300w, https:\/\/enlaciutat.es\/wordpress\/wp-content\/uploads\/2021\/07\/UnderArgosVigilance-768x482.jpg 768w, https:\/\/enlaciutat.es\/wordpress\/wp-content\/uploads\/2021\/07\/UnderArgosVigilance.jpg 1278w\" sizes=\"auto, (max-width: 1024px) 100vw, 1024px\" \/><\/figure><\/li><li class=\"blocks-gallery-item\"><figure><img loading=\"lazy\" decoding=\"async\" width=\"1024\" height=\"565\" src=\"https:\/\/enlaciutat.es\/wordpress\/wp-content\/uploads\/2021\/07\/UrbanismeFeminista-1024x565.jpg\" alt=\"\" data-id=\"843\" data-link=\"https:\/\/enlaciutat.es\/wordpress\/?attachment_id=843\" class=\"wp-image-843\" srcset=\"https:\/\/enlaciutat.es\/wordpress\/wp-content\/uploads\/2021\/07\/UrbanismeFeminista-1024x565.jpg 1024w, https:\/\/enlaciutat.es\/wordpress\/wp-content\/uploads\/2021\/07\/UrbanismeFeminista-300x166.jpg 300w, https:\/\/enlaciutat.es\/wordpress\/wp-content\/uploads\/2021\/07\/UrbanismeFeminista-768x424.jpg 768w, https:\/\/enlaciutat.es\/wordpress\/wp-content\/uploads\/2021\/07\/UrbanismeFeminista.jpg 1312w\" sizes=\"auto, (max-width: 1024px) 100vw, 1024px\" \/><\/figure><\/li><\/ul>\n\n\n\n<p><strong>Llistat Obres<\/strong><\/p>\n\n\n\n<ul class=\"wp-block-list\"><li><strong>El Subjecte postmodern: Cos i identitat<\/strong> (breu introducci\u00f3, descripci\u00f3 i links als treballs sobre aquest tema:<ul><li><em>Manifest feminista per el s.XXI)<\/em><\/li><li><em>Under Argos Vigilance,<\/em><\/li><li><em> El tren del soroll <\/em><\/li><\/ul><\/li><li><strong>Est\u00e8tica i pr\u00e0ctiques art\u00edstiques a l\u2019entorn urb\u00e0 <\/strong>(breu introducci\u00f3, descripci\u00f3 i links als treballs d\u2019aquest tema: <ul><li><em>performArt <\/em><\/li><li><em>Color sobre gris<\/em><\/li><li><em>Arquitectura hostil<\/em><\/li><li><em>&nbsp;L\u2019odissea d\u2019una dona qualsevol, <\/em><\/li><li><em>La ciutat connectada<\/em><\/li><\/ul><\/li><li><strong>Art i ci\u00e8ncia en un m\u00f3n global: Antropoc\u00e8 i crisis clim\u00e0tica<\/strong> (breu introducci\u00f3, descripci\u00f3 i links als treballs d\u2019aquest tema: <ul><li><em>Alerta Plastificada<\/em><\/li><\/ul><\/li><\/ul>\n\n\n\n<p><strong>Cr\u00e9dits:<\/strong><\/p>\n\n\n\n<p>Comiss\u00e0ria:<\/p>\n\n\n\n<ul class=\"wp-block-list\"><li>Sandra \u00c1lvaro S\u00e1nchez (Departament d\u2019 Art i Musicologia \u2013 UAB)<\/li><\/ul>\n\n\n\n<p>Disseny i Muntatge de l\u2019exposici\u00f3 virtual&nbsp;:<\/p>\n\n\n\n<ul class=\"wp-block-list\"><li>Sandra \u00c1lvaro S\u00e1nchez<\/li><li>Cristina Navarro S\u00e1nchez (Biblioteca d\u2019Humanitats \u2013 UAB)<\/li><\/ul>\n\n\n\n<p>Textos i disseny de cap\u00e7alera: Sandra \u00c1lvaro S\u00e1nchez<\/p>\n\n\n\n<p>Imatges de les obres exposades: dels seus respectius autors<\/p>\n","protected":false},"excerpt":{"rendered":"<p>Aquesta exposici\u00f3 mostra el programa realitzat per Sandra Alvaro per l\u2019assignatura d\u2019Art Contemporani del Grau en Comunicaci\u00f3 Audiovisual de la Universitat Aut\u00f2noma de Barcelona mitjan\u00e7ant una selecci\u00f3 dels treballs realitzats pels estudiants. https:\/\/mirades.uab.cat\/exposicions\/exhibits\/show\/artcontemporani L\u2019assignatura d\u2019Art Contemporani del grau de Comunicaci\u00f3 Audiovisual introdueix l\u2019alumnat en l\u2019ecosistema de la creaci\u00f3 contempor\u00e0nia, fent especial atenci\u00f3 a com aquest &hellip; <\/p>\n<p><a class=\"more-link btn\" href=\"https:\/\/enlaciutat.es\/wordpress\/?p=832\">Continue reading<\/a><\/p>\n","protected":false},"author":1,"featured_media":833,"comment_status":"closed","ping_status":"closed","sticky":false,"template":"","format":"standard","meta":{"footnotes":""},"categories":[46,63,161],"tags":[163,70,151,162],"class_list":["post-832","post","type-post","status-publish","format-standard","has-post-thumbnail","hentry","category-exhibitions","category-gallery","category-teaching","tag-exhibition","tag-postmedia","tag-teaching","tag-uab","nodate","item-wrap"],"_links":{"self":[{"href":"https:\/\/enlaciutat.es\/wordpress\/index.php?rest_route=\/wp\/v2\/posts\/832","targetHints":{"allow":["GET"]}}],"collection":[{"href":"https:\/\/enlaciutat.es\/wordpress\/index.php?rest_route=\/wp\/v2\/posts"}],"about":[{"href":"https:\/\/enlaciutat.es\/wordpress\/index.php?rest_route=\/wp\/v2\/types\/post"}],"author":[{"embeddable":true,"href":"https:\/\/enlaciutat.es\/wordpress\/index.php?rest_route=\/wp\/v2\/users\/1"}],"replies":[{"embeddable":true,"href":"https:\/\/enlaciutat.es\/wordpress\/index.php?rest_route=%2Fwp%2Fv2%2Fcomments&post=832"}],"version-history":[{"count":5,"href":"https:\/\/enlaciutat.es\/wordpress\/index.php?rest_route=\/wp\/v2\/posts\/832\/revisions"}],"predecessor-version":[{"id":848,"href":"https:\/\/enlaciutat.es\/wordpress\/index.php?rest_route=\/wp\/v2\/posts\/832\/revisions\/848"}],"wp:featuredmedia":[{"embeddable":true,"href":"https:\/\/enlaciutat.es\/wordpress\/index.php?rest_route=\/wp\/v2\/media\/833"}],"wp:attachment":[{"href":"https:\/\/enlaciutat.es\/wordpress\/index.php?rest_route=%2Fwp%2Fv2%2Fmedia&parent=832"}],"wp:term":[{"taxonomy":"category","embeddable":true,"href":"https:\/\/enlaciutat.es\/wordpress\/index.php?rest_route=%2Fwp%2Fv2%2Fcategories&post=832"},{"taxonomy":"post_tag","embeddable":true,"href":"https:\/\/enlaciutat.es\/wordpress\/index.php?rest_route=%2Fwp%2Fv2%2Ftags&post=832"}],"curies":[{"name":"wp","href":"https:\/\/api.w.org\/{rel}","templated":true}]}}