{"id":770,"date":"2020-01-24T17:26:24","date_gmt":"2020-01-24T13:26:24","guid":{"rendered":"http:\/\/enlaciutat.es\/wordpress\/?p=770"},"modified":"2022-03-14T23:16:32","modified_gmt":"2022-03-14T19:16:32","slug":"projects-exhibition-by-contemporary-art-students-of-audiovisual-communication-uab","status":"publish","type":"post","link":"https:\/\/enlaciutat.es\/wordpress\/?p=770","title":{"rendered":"Projects Exhibition by Contemporary Art student&#8217;s of Audiovisual Communication (UAB)"},"content":{"rendered":"\n<h3 class=\"wp-block-heading\"> <br>Exposici\u00f3 on-line dels treballs de l\u2019assignatura d\u2019Art Contemporani del Grau de Comunicaci\u00f3 Audiovisual <\/h3>\n\n\n\n<p><\/p>\n\n\n\n<figure class=\"wp-block-gallery has-nested-images columns-default is-cropped wp-block-gallery-1 is-layout-flex wp-block-gallery-is-layout-flex\">\n<figure class=\"wp-block-image\"><img loading=\"lazy\" decoding=\"async\" width=\"1024\" height=\"445\" data-id=\"771\" src=\"https:\/\/enlaciutat.es\/wordpress\/wp-content\/uploads\/2020\/01\/ciberfeminisme-1024x445.png\" alt=\"\" class=\"wp-image-771\" srcset=\"https:\/\/enlaciutat.es\/wordpress\/wp-content\/uploads\/2020\/01\/ciberfeminisme-1024x445.png 1024w, https:\/\/enlaciutat.es\/wordpress\/wp-content\/uploads\/2020\/01\/ciberfeminisme-300x130.png 300w, https:\/\/enlaciutat.es\/wordpress\/wp-content\/uploads\/2020\/01\/ciberfeminisme-768x334.png 768w, https:\/\/enlaciutat.es\/wordpress\/wp-content\/uploads\/2020\/01\/ciberfeminisme.png 1896w\" sizes=\"auto, (max-width: 1024px) 100vw, 1024px\" \/><\/figure>\n\n\n\n<figure class=\"wp-block-image\"><img loading=\"lazy\" decoding=\"async\" width=\"1024\" height=\"479\" data-id=\"772\" src=\"https:\/\/enlaciutat.es\/wordpress\/wp-content\/uploads\/2020\/01\/euphoria-1024x479.png\" alt=\"\" class=\"wp-image-772\" srcset=\"https:\/\/enlaciutat.es\/wordpress\/wp-content\/uploads\/2020\/01\/euphoria-1024x479.png 1024w, https:\/\/enlaciutat.es\/wordpress\/wp-content\/uploads\/2020\/01\/euphoria-300x140.png 300w, https:\/\/enlaciutat.es\/wordpress\/wp-content\/uploads\/2020\/01\/euphoria-768x359.png 768w, https:\/\/enlaciutat.es\/wordpress\/wp-content\/uploads\/2020\/01\/euphoria.png 1886w\" sizes=\"auto, (max-width: 1024px) 100vw, 1024px\" \/><\/figure>\n\n\n\n<figure class=\"wp-block-image\"><img loading=\"lazy\" decoding=\"async\" width=\"1024\" height=\"576\" data-id=\"773\" src=\"https:\/\/enlaciutat.es\/wordpress\/wp-content\/uploads\/2020\/01\/hacktivisme-1024x576.png\" alt=\"\" class=\"wp-image-773\" srcset=\"https:\/\/enlaciutat.es\/wordpress\/wp-content\/uploads\/2020\/01\/hacktivisme-1024x576.png 1024w, https:\/\/enlaciutat.es\/wordpress\/wp-content\/uploads\/2020\/01\/hacktivisme-300x169.png 300w, https:\/\/enlaciutat.es\/wordpress\/wp-content\/uploads\/2020\/01\/hacktivisme-768x432.png 768w, https:\/\/enlaciutat.es\/wordpress\/wp-content\/uploads\/2020\/01\/hacktivisme.png 1198w\" sizes=\"auto, (max-width: 1024px) 100vw, 1024px\" \/><\/figure>\n\n\n\n<figure class=\"wp-block-image\"><img loading=\"lazy\" decoding=\"async\" width=\"1024\" height=\"449\" data-id=\"774\" src=\"https:\/\/enlaciutat.es\/wordpress\/wp-content\/uploads\/2020\/01\/hacktivismeTL-1024x449.png\" alt=\"\" class=\"wp-image-774\" srcset=\"https:\/\/enlaciutat.es\/wordpress\/wp-content\/uploads\/2020\/01\/hacktivismeTL-1024x449.png 1024w, https:\/\/enlaciutat.es\/wordpress\/wp-content\/uploads\/2020\/01\/hacktivismeTL-300x132.png 300w, https:\/\/enlaciutat.es\/wordpress\/wp-content\/uploads\/2020\/01\/hacktivismeTL-768x337.png 768w, https:\/\/enlaciutat.es\/wordpress\/wp-content\/uploads\/2020\/01\/hacktivismeTL.png 1902w\" sizes=\"auto, (max-width: 1024px) 100vw, 1024px\" \/><\/figure>\n\n\n\n<figure class=\"wp-block-image\"><img loading=\"lazy\" decoding=\"async\" width=\"418\" height=\"765\" data-id=\"775\" src=\"https:\/\/enlaciutat.es\/wordpress\/wp-content\/uploads\/2020\/01\/identitat30.png\" alt=\"\" class=\"wp-image-775\" srcset=\"https:\/\/enlaciutat.es\/wordpress\/wp-content\/uploads\/2020\/01\/identitat30.png 418w, https:\/\/enlaciutat.es\/wordpress\/wp-content\/uploads\/2020\/01\/identitat30-164x300.png 164w\" sizes=\"auto, (max-width: 418px) 100vw, 418px\" \/><\/figure>\n\n\n\n<figure class=\"wp-block-image\"><img loading=\"lazy\" decoding=\"async\" width=\"1024\" height=\"556\" data-id=\"776\" src=\"https:\/\/enlaciutat.es\/wordpress\/wp-content\/uploads\/2020\/01\/LaCiutatConnectada-1024x556.png\" alt=\"\" class=\"wp-image-776\" srcset=\"https:\/\/enlaciutat.es\/wordpress\/wp-content\/uploads\/2020\/01\/LaCiutatConnectada-1024x556.png 1024w, https:\/\/enlaciutat.es\/wordpress\/wp-content\/uploads\/2020\/01\/LaCiutatConnectada-300x163.png 300w, https:\/\/enlaciutat.es\/wordpress\/wp-content\/uploads\/2020\/01\/LaCiutatConnectada-768x417.png 768w, https:\/\/enlaciutat.es\/wordpress\/wp-content\/uploads\/2020\/01\/LaCiutatConnectada.png 1175w\" sizes=\"auto, (max-width: 1024px) 100vw, 1024px\" \/><\/figure>\n\n\n\n<figure class=\"wp-block-image\"><img loading=\"lazy\" decoding=\"async\" width=\"425\" height=\"713\" data-id=\"778\" src=\"https:\/\/enlaciutat.es\/wordpress\/wp-content\/uploads\/2020\/01\/renx800.png\" alt=\"\" class=\"wp-image-778\" srcset=\"https:\/\/enlaciutat.es\/wordpress\/wp-content\/uploads\/2020\/01\/renx800.png 425w, https:\/\/enlaciutat.es\/wordpress\/wp-content\/uploads\/2020\/01\/renx800-179x300.png 179w\" sizes=\"auto, (max-width: 425px) 100vw, 425px\" \/><\/figure>\n\n\n\n<figure class=\"wp-block-image\"><img loading=\"lazy\" decoding=\"async\" width=\"1024\" height=\"515\" data-id=\"779\" src=\"https:\/\/enlaciutat.es\/wordpress\/wp-content\/uploads\/2020\/01\/unlockingstreets-1024x515.png\" alt=\"\" class=\"wp-image-779\" srcset=\"https:\/\/enlaciutat.es\/wordpress\/wp-content\/uploads\/2020\/01\/unlockingstreets-1024x515.png 1024w, https:\/\/enlaciutat.es\/wordpress\/wp-content\/uploads\/2020\/01\/unlockingstreets-300x151.png 300w, https:\/\/enlaciutat.es\/wordpress\/wp-content\/uploads\/2020\/01\/unlockingstreets-768x386.png 768w, https:\/\/enlaciutat.es\/wordpress\/wp-content\/uploads\/2020\/01\/unlockingstreets.png 1894w\" sizes=\"auto, (max-width: 1024px) 100vw, 1024px\" \/><\/figure>\n\n\n\n<figure class=\"wp-block-image\"><img loading=\"lazy\" decoding=\"async\" width=\"1024\" height=\"589\" data-id=\"781\" src=\"https:\/\/enlaciutat.es\/wordpress\/wp-content\/uploads\/2020\/01\/melata-1-1024x589.png\" alt=\"\" class=\"wp-image-781\" srcset=\"https:\/\/enlaciutat.es\/wordpress\/wp-content\/uploads\/2020\/01\/melata-1-1024x589.png 1024w, https:\/\/enlaciutat.es\/wordpress\/wp-content\/uploads\/2020\/01\/melata-1-300x172.png 300w, https:\/\/enlaciutat.es\/wordpress\/wp-content\/uploads\/2020\/01\/melata-1-768x442.png 768w, https:\/\/enlaciutat.es\/wordpress\/wp-content\/uploads\/2020\/01\/melata-1.png 1068w\" sizes=\"auto, (max-width: 1024px) 100vw, 1024px\" \/><\/figure>\n\n\n\n<figure class=\"wp-block-image\"><img loading=\"lazy\" decoding=\"async\" width=\"1024\" height=\"642\" data-id=\"782\" src=\"https:\/\/enlaciutat.es\/wordpress\/wp-content\/uploads\/2020\/01\/underargos-1-1024x642.png\" alt=\"\" class=\"wp-image-782\" srcset=\"https:\/\/enlaciutat.es\/wordpress\/wp-content\/uploads\/2020\/01\/underargos-1-1024x642.png 1024w, https:\/\/enlaciutat.es\/wordpress\/wp-content\/uploads\/2020\/01\/underargos-1-300x188.png 300w, https:\/\/enlaciutat.es\/wordpress\/wp-content\/uploads\/2020\/01\/underargos-1-768x481.png 768w, https:\/\/enlaciutat.es\/wordpress\/wp-content\/uploads\/2020\/01\/underargos-1.png 1281w\" sizes=\"auto, (max-width: 1024px) 100vw, 1024px\" \/><\/figure>\n<\/figure>\n\n\n\n<p> La rapida evoluci\u00f3 i adopci\u00f3 de les tecnologies associades a la computaci\u00f3 han modificat els modes en que percebem i constru\u00efm el nostre entorn social i cultural. Introduint aquests canvis McLuhan ja va assenyalar el paper indispensable dels artistes en l\u2019an\u00e0lisi i comprensi\u00f3 de les noves formes de vida i estructures generades pel canvi tecnol\u00f2gic. L\u2019art no nom\u00e9s a pres un paper actiu en la conformaci\u00f3 de la nostra relaci\u00f3 amb els nous mitjans tecnol\u00f2gics, sin\u00f3 que ha conduit una experimentaci\u00f3 i proc\u00e9s de hibridaci\u00f3 que ha donat forma als nous formats per a la comunicaci\u00f3 i expressivitat humana.Els alumnes de Comunicaci\u00f3 Audiovisual han aprofitat la inspiraci\u00f3 de moviments art\u00edstics d\u2019avantguarda com el Situacionisme, i d\u2019altres m\u00e9s contemporanis com el Ciberfeminisme i el Hacktivisme, per explotar, experimentar e hibridar els nous mitjans al seu abast \u2013 el web, interactius, v\u00eddeo, infografia, jocs transmedia, mapeig digital&#8230;- i exposar l\u2019evoluci\u00f3 i vig\u00e8ncia actual d\u2019aquests moviments (<em>Ciberfeminisme<\/em>,&nbsp;<em>Hacktivisme time-line<\/em>&nbsp;i&nbsp;<em>Why Map<\/em>), al mateix temp,s en que estudiaven els temes socials que m\u00e9s els preocupen. Entre ells, els nous processos de subjectivaci\u00f3 relacionats amb les xarxes socials (<em>Instagram 3.0, Renx 800, Euphoria, La p\u00e8rdua de la Identitat<\/em>), l\u2019actual situaci\u00f3 pol\u00edtica (<em>Unlocking Streets<\/em>), La manca de privacitat i el control associat a la ubiq\u00fcitat tecnol\u00f2gica (<em>Under Argos Vigilance, La Ciutat Connectada<\/em>), els problemes mediambientals (<em>MeLata<\/em>) o les noves formes de transmissi\u00f3 cultural (<em>Nova Museografia<\/em>).&nbsp;<\/p>\n\n\n\n<p><strong>Sandra \u00c0lvaro<br>Professora d\u2019Art Contemporani<\/strong><\/p>\n\n\n\n<p><\/p>\n\n\n\n<p><a href=\"https:\/\/www.uab.cat\/web\/noticies\/detall-noticia-1251960027229.html?noticiaid=1345806103137\">Veure l&#8217;exposici\u00f3 a la web del departament de Comunicaci\u00f3 Audiovisual i publicitat<\/a><\/p>\n","protected":false},"excerpt":{"rendered":"<p>Exposici\u00f3 on-line dels treballs de l\u2019assignatura d\u2019Art Contemporani del Grau de Comunicaci\u00f3 Audiovisual La rapida evoluci\u00f3 i adopci\u00f3 de les tecnologies associades a la computaci\u00f3 han modificat els modes en que percebem i constru\u00efm el nostre entorn social i cultural. Introduint aquests canvis McLuhan ja va assenyalar el paper indispensable dels artistes en l\u2019an\u00e0lisi i &hellip; <\/p>\n<p><a class=\"more-link btn\" href=\"https:\/\/enlaciutat.es\/wordpress\/?p=770\">Continue reading<\/a><\/p>\n","protected":false},"author":1,"featured_media":774,"comment_status":"closed","ping_status":"closed","sticky":false,"template":"","format":"image","meta":{"footnotes":""},"categories":[63,7,161],"tags":[153,154,152,151,162],"class_list":["post-770","post","type-post","status-publish","format-image","has-post-thumbnail","hentry","category-gallery","category-news","category-teaching","tag-ciberfeminism","tag-contemporary-art","tag-hacktivism","tag-teaching","tag-uab","post_format-post-format-image","nodate","item-wrap"],"_links":{"self":[{"href":"https:\/\/enlaciutat.es\/wordpress\/index.php?rest_route=\/wp\/v2\/posts\/770","targetHints":{"allow":["GET"]}}],"collection":[{"href":"https:\/\/enlaciutat.es\/wordpress\/index.php?rest_route=\/wp\/v2\/posts"}],"about":[{"href":"https:\/\/enlaciutat.es\/wordpress\/index.php?rest_route=\/wp\/v2\/types\/post"}],"author":[{"embeddable":true,"href":"https:\/\/enlaciutat.es\/wordpress\/index.php?rest_route=\/wp\/v2\/users\/1"}],"replies":[{"embeddable":true,"href":"https:\/\/enlaciutat.es\/wordpress\/index.php?rest_route=%2Fwp%2Fv2%2Fcomments&post=770"}],"version-history":[{"count":7,"href":"https:\/\/enlaciutat.es\/wordpress\/index.php?rest_route=\/wp\/v2\/posts\/770\/revisions"}],"predecessor-version":[{"id":859,"href":"https:\/\/enlaciutat.es\/wordpress\/index.php?rest_route=\/wp\/v2\/posts\/770\/revisions\/859"}],"wp:featuredmedia":[{"embeddable":true,"href":"https:\/\/enlaciutat.es\/wordpress\/index.php?rest_route=\/wp\/v2\/media\/774"}],"wp:attachment":[{"href":"https:\/\/enlaciutat.es\/wordpress\/index.php?rest_route=%2Fwp%2Fv2%2Fmedia&parent=770"}],"wp:term":[{"taxonomy":"category","embeddable":true,"href":"https:\/\/enlaciutat.es\/wordpress\/index.php?rest_route=%2Fwp%2Fv2%2Fcategories&post=770"},{"taxonomy":"post_tag","embeddable":true,"href":"https:\/\/enlaciutat.es\/wordpress\/index.php?rest_route=%2Fwp%2Fv2%2Ftags&post=770"}],"curies":[{"name":"wp","href":"https:\/\/api.w.org\/{rel}","templated":true}]}}