{"id":721,"date":"2019-03-05T20:56:05","date_gmt":"2019-03-05T16:56:05","guid":{"rendered":"http:\/\/enlaciutat.es\/wordpress\/?p=721"},"modified":"2019-03-05T20:56:32","modified_gmt":"2019-03-05T16:56:32","slug":"taula-rodona-robots-famosos-i-socials-el-debat-etic-i-social-de-la-robotica-al-cinema-una-realitat-cap-al-futur","status":"publish","type":"post","link":"https:\/\/enlaciutat.es\/wordpress\/?p=721","title":{"rendered":"Taula rodona &#8220;Robots famosos i socials: el debat \u00e8tic i social de la rob\u00f2tica al cinema una realitat cap al futur&#8221;"},"content":{"rendered":"<h2>Dins del programa de la <a href=\"https:\/\/socialrobotica.blogspot.com\/2019\/02\/robots-famosos-i-socials-el-debat-etic.html\">setmana de la R\u00f3botica Social<\/a><\/h2>\n<p>La rob\u00f2tica va introduint-se en el nostre dia a dia amb m\u00faltiples aplicacions que ja han traspassat l\u2019\u00e0mbit industrial per fer aportacions en els \u00e0mbits socials, de gesti\u00f3 intel.ligent de la ciutat i de suport a la depend\u00e8ncia. D\u2019aqu\u00ed que fem la proposta de promoure la divulgaci\u00f3 de la rob\u00f2tica social, \u00e9s a dir els robots destinats a millorar el benestar de les persones.<\/p>\n<h1><a href=\"https:\/\/enlaciutat.es\/wordpress\/wp-content\/uploads\/2019\/03\/cartell-dates.jpg\"><img loading=\"lazy\" decoding=\"async\" class=\"alignright size-full wp-image-723\" src=\"https:\/\/enlaciutat.es\/wordpress\/wp-content\/uploads\/2019\/03\/cartell-dates.jpg\" alt=\"cartell dates\" width=\"181\" height=\"238\" \/><\/a>celebrem la taula rodona\u00a0&#8220;Robots famosos i socials: el debat \u00e8tic i social de la rob\u00f2tica al cinema una realitat cap al futur&#8221;<\/h1>\n<h2>el dia 28 de febrer al <a href=\"https:\/\/cosmocaixa.es\/es\/cosmocaixa-barcelona\">Cosmocaixa<\/a><\/h2>\n<p>Participants:<\/p>\n<h5><strong>Sandra \u00c1lvaro<\/strong><\/h5>\n<h5><strong>Jordi Ojeda &#8211;\u00a0<\/strong>Doctor enginyer industrial, professor de la Universitat de Barcelona, Dirigeix un projecte de divulgaci\u00f3 de la ci\u00e8ncia emprant els c\u00f2mics, la literatura de ci\u00e8ncia ficci\u00f3 i el cinema fant\u00e0stic com instruments pedag\u00f2gics (<a href=\"https:\/\/comiccienciatecnologia.blogspot.com\/\">https:\/\/comiccienciatecnologia.blogspot.com\/<\/a><\/h5>\n<h5>Modera:<\/h5>\n<h5><strong> Mila Lozano<\/strong> &#8211; Directora Fundadora de Maeve Projects, Art &amp; Business Connections i artista visual<\/h5>\n<p>&nbsp;<\/p>\n<h4>&#8220;La intel\u00b7lig\u00e8ncia artificial i els avan\u00e7os en les ci\u00e8ncies biol\u00f2giques porta a situar-nos en un m\u00f3n Posthum\u00e0 on convivim amb altres \u00e9ssers intel\u00b7ligents i dotats d&#8217;ag\u00e8ncia, una conviv\u00e8ncia que planteja nous reptes socials i \u00e8tics&#8221;.<\/h4>\n<div id=\"attachment_724\" style=\"width: 1000px\" class=\"wp-caption alignright\"><a href=\"https:\/\/enlaciutat.es\/wordpress\/wp-content\/uploads\/2019\/03\/Robots-famosos-i-socials.jpg\"><img loading=\"lazy\" decoding=\"async\" aria-describedby=\"caption-attachment-724\" class=\"size-full wp-image-724\" src=\"https:\/\/enlaciutat.es\/wordpress\/wp-content\/uploads\/2019\/03\/Robots-famosos-i-socials.jpg\" alt=\"Diapositiva presentaci\u00f3 Sandra \u00c1lvaro\" width=\"1000\" height=\"750\" srcset=\"https:\/\/enlaciutat.es\/wordpress\/wp-content\/uploads\/2019\/03\/Robots-famosos-i-socials.jpg 1000w, https:\/\/enlaciutat.es\/wordpress\/wp-content\/uploads\/2019\/03\/Robots-famosos-i-socials-300x225.jpg 300w\" sizes=\"auto, (max-width: 1000px) 100vw, 1000px\" \/><\/a><p id=\"caption-attachment-724\" class=\"wp-caption-text\">Diapositiva presentaci\u00f3 Sandra \u00c1lvaro<\/p><\/div>\n<p>Despr\u00e9s de la introducci\u00f3 de robots socials al cinema realitzada per Jordi Ojeda en que ens parl\u00e0 de robots famosos com el Data de StarTerk i el David de IA vaig introduir algunes de les cuestions \u00e8tiques que emergeixen de la nostra relaci\u00f3 amb aquests nous agents.<\/p>\n<div id=\"attachment_725\" style=\"width: 1024px\" class=\"wp-caption alignright\"><a href=\"https:\/\/enlaciutat.es\/wordpress\/wp-content\/uploads\/2019\/03\/CCT-2019-02-28-RoboticaSocial.jpg\"><img loading=\"lazy\" decoding=\"async\" aria-describedby=\"caption-attachment-725\" class=\"size-large wp-image-725\" src=\"https:\/\/enlaciutat.es\/wordpress\/wp-content\/uploads\/2019\/03\/CCT-2019-02-28-RoboticaSocial-1024x509.jpg\" alt=\"A la taula, d\u2019esquerra a dreta:  Jordi Ojeda, Mila Lozano i Sandra \u00c1lvaro\" width=\"1024\" height=\"509\" srcset=\"https:\/\/enlaciutat.es\/wordpress\/wp-content\/uploads\/2019\/03\/CCT-2019-02-28-RoboticaSocial-1024x509.jpg 1024w, https:\/\/enlaciutat.es\/wordpress\/wp-content\/uploads\/2019\/03\/CCT-2019-02-28-RoboticaSocial-300x149.jpg 300w, https:\/\/enlaciutat.es\/wordpress\/wp-content\/uploads\/2019\/03\/CCT-2019-02-28-RoboticaSocial.jpg 1600w\" sizes=\"auto, (max-width: 1024px) 100vw, 1024px\" \/><\/a><p id=\"caption-attachment-725\" class=\"wp-caption-text\">A la taula, d\u2019esquerra a dreta:<br \/>Jordi Ojeda, Mila Lozano i Sandra \u00c1lvaro<\/p><\/div>\n<p>&nbsp;<\/p>\n<p>&nbsp;<\/p>\n<p>&nbsp;<\/p>\n<p>&nbsp;<\/p>\n<p>Podeu escoltar el debat <a href=\"https:\/\/comiccienciatecnologia.blogspot.com\/2019\/03\/Setmana-Robotica-Social-Cosmocaixa.html\">aqu\u00ed<\/a>, facilitat per Jordi Ojeda<\/p>\n","protected":false},"excerpt":{"rendered":"<p>Dins del programa de la setmana de la R\u00f3botica Social La rob\u00f2tica va introduint-se en el nostre dia a dia amb m\u00faltiples aplicacions que ja han traspassat l\u2019\u00e0mbit industrial per fer aportacions en els \u00e0mbits socials, de gesti\u00f3 intel.ligent de la ciutat i de suport a la depend\u00e8ncia. D\u2019aqu\u00ed que fem la proposta de promoure &hellip; <\/p>\n<p><a class=\"more-link btn\" href=\"https:\/\/enlaciutat.es\/wordpress\/?p=721\">Continue reading<\/a><\/p>\n","protected":false},"author":1,"featured_media":723,"comment_status":"closed","ping_status":"closed","sticky":false,"template":"","format":"standard","meta":{"footnotes":""},"categories":[44,63],"tags":[125,138,145,146],"class_list":["post-721","post","type-post","status-publish","format-standard","has-post-thumbnail","hentry","category-communications","category-gallery","tag-artificial-intelligence","tag-data-ethics","tag-robotica-social","tag-social-robotics","nodate","item-wrap"],"_links":{"self":[{"href":"https:\/\/enlaciutat.es\/wordpress\/index.php?rest_route=\/wp\/v2\/posts\/721","targetHints":{"allow":["GET"]}}],"collection":[{"href":"https:\/\/enlaciutat.es\/wordpress\/index.php?rest_route=\/wp\/v2\/posts"}],"about":[{"href":"https:\/\/enlaciutat.es\/wordpress\/index.php?rest_route=\/wp\/v2\/types\/post"}],"author":[{"embeddable":true,"href":"https:\/\/enlaciutat.es\/wordpress\/index.php?rest_route=\/wp\/v2\/users\/1"}],"replies":[{"embeddable":true,"href":"https:\/\/enlaciutat.es\/wordpress\/index.php?rest_route=%2Fwp%2Fv2%2Fcomments&post=721"}],"version-history":[{"count":4,"href":"https:\/\/enlaciutat.es\/wordpress\/index.php?rest_route=\/wp\/v2\/posts\/721\/revisions"}],"predecessor-version":[{"id":729,"href":"https:\/\/enlaciutat.es\/wordpress\/index.php?rest_route=\/wp\/v2\/posts\/721\/revisions\/729"}],"wp:featuredmedia":[{"embeddable":true,"href":"https:\/\/enlaciutat.es\/wordpress\/index.php?rest_route=\/wp\/v2\/media\/723"}],"wp:attachment":[{"href":"https:\/\/enlaciutat.es\/wordpress\/index.php?rest_route=%2Fwp%2Fv2%2Fmedia&parent=721"}],"wp:term":[{"taxonomy":"category","embeddable":true,"href":"https:\/\/enlaciutat.es\/wordpress\/index.php?rest_route=%2Fwp%2Fv2%2Fcategories&post=721"},{"taxonomy":"post_tag","embeddable":true,"href":"https:\/\/enlaciutat.es\/wordpress\/index.php?rest_route=%2Fwp%2Fv2%2Ftags&post=721"}],"curies":[{"name":"wp","href":"https:\/\/api.w.org\/{rel}","templated":true}]}}