{"id":709,"date":"2018-12-06T17:16:50","date_gmt":"2018-12-06T13:16:50","guid":{"rendered":"http:\/\/enlaciutat.es\/wordpress\/?p=709"},"modified":"2026-02-19T20:00:03","modified_gmt":"2026-02-19T16:00:03","slug":"nueva-publicacion-la-esfera-publica-en-la-era-de-la-hipermediacion-algoritmica-en-hipertext","status":"publish","type":"post","link":"https:\/\/enlaciutat.es\/wordpress\/?p=709","title":{"rendered":"Nueva Publicaci\u00f3n: La esfera p\u00fablica en la era de la hipermediaci\u00f3n algor\u00edtmica en Hipertext"},"content":{"rendered":"<div id=\"articleTitle\">\n<h2><img loading=\"lazy\" decoding=\"async\" src=\"https:\/\/raco.cat\/public\/journals\/255\/pageHeaderTitleImage_es_ES.png\" alt=\"Hipertext.net\" width=\"840\" height=\"115\" \/><\/h2>\n<h2>La esfera p\u00fablica en la era de la hipermediaci\u00f3n algor\u00edtmica: noticias falsas, desinformaci\u00f3n y la mercantilizaci\u00f3n de la conducta<\/h2>\n<\/div>\n<div id=\"authorString\"><em>Sandra Alvaro Sanchez<\/em><\/div>\n<div>DOI: 10.31009\/hipertext.net.2018.i17.07<\/p>\n<div>\n<div id=\"articleAbstract\">\n<h4>Resumen<\/h4>\n<div>\n<p>La web y especialmente las redes sociales han involucio\u00adnado en poco tiempo. Consideradas, en sus inicios, como el lugar del florecimiento de una nueva esfera p\u00fablica, un espacio abierto y distribuido de modo no jer\u00e1rquico, donde el acceso masivo a los medios de edici\u00f3n y publicaci\u00f3n deb\u00eda empoderar a aquellos sin voz y favorecer la diversidad del discurso p\u00fablico. Hoy en d\u00eda, estas son consideradas como el coadyuvante de una \u201cnueva brutalidad\u201d, un espacio some\u00adtido a la administraci\u00f3n de algoritmos que perpet\u00faan las desigualdades y sesgos sociales y donde se llevan a cabo las estrategias de una propaganda pol\u00edtica, cuya eficiencia se ha visto amplificada gracias a los recursos del <em>microtargeting <\/em>y la automatizaci\u00f3n de la difusi\u00f3n, y cuyas consecuencias son la polarizaci\u00f3n social y el triunfo del extremismo dentro de los filtros burbuja. Este art\u00edculo expone el contexto de esta nueva brutalidad para analizar el papel que desempe\u00f1an en la formaci\u00f3n del mismo las tecnolog\u00edas que median los procesos comunicativos y las soluciones propuestas por los diferentes actores implicados en el sistema a la luz de una perspectiva posthumanista.<\/p>\n<p><a href=\"https:\/\/raco.cat\/index.php\/Hipertext\/article\/view\/10.31009-hipertext.net.2018.i17.07\">Leer on-line<\/a><\/p>\n<p><a href=\"https:\/\/ddd.uab.cat\/record\/233245\">Registro permanente (DDD)<\/a><\/p>\n<\/div>\n<\/div>\n<\/div>\n<\/div>\n","protected":false},"excerpt":{"rendered":"<p>La esfera p\u00fablica en la era de la hipermediaci\u00f3n algor\u00edtmica: noticias falsas, desinformaci\u00f3n y la mercantilizaci\u00f3n de la conducta Sandra Alvaro Sanchez DOI: 10.31009\/hipertext.net.2018.i17.07 Resumen La web y especialmente las redes sociales han involucio\u00adnado en poco tiempo. Consideradas, en sus inicios, como el lugar del florecimiento de una nueva esfera p\u00fablica, un espacio abierto y &hellip; <\/p>\n<p><a class=\"more-link btn\" href=\"https:\/\/enlaciutat.es\/wordpress\/?p=709\">Continue reading<\/a><\/p>\n","protected":false},"author":1,"featured_media":711,"comment_status":"closed","ping_status":"closed","sticky":false,"template":"","format":"standard","meta":{"footnotes":""},"categories":[63,39],"tags":[125,124,144,143],"class_list":["post-709","post","type-post","status-publish","format-standard","has-post-thumbnail","hentry","category-gallery","category-publications","tag-artificial-intelligence","tag-fake-news","tag-media-critique","tag-new-brutalism","nodate","item-wrap"],"_links":{"self":[{"href":"https:\/\/enlaciutat.es\/wordpress\/index.php?rest_route=\/wp\/v2\/posts\/709","targetHints":{"allow":["GET"]}}],"collection":[{"href":"https:\/\/enlaciutat.es\/wordpress\/index.php?rest_route=\/wp\/v2\/posts"}],"about":[{"href":"https:\/\/enlaciutat.es\/wordpress\/index.php?rest_route=\/wp\/v2\/types\/post"}],"author":[{"embeddable":true,"href":"https:\/\/enlaciutat.es\/wordpress\/index.php?rest_route=\/wp\/v2\/users\/1"}],"replies":[{"embeddable":true,"href":"https:\/\/enlaciutat.es\/wordpress\/index.php?rest_route=%2Fwp%2Fv2%2Fcomments&post=709"}],"version-history":[{"count":2,"href":"https:\/\/enlaciutat.es\/wordpress\/index.php?rest_route=\/wp\/v2\/posts\/709\/revisions"}],"predecessor-version":[{"id":1099,"href":"https:\/\/enlaciutat.es\/wordpress\/index.php?rest_route=\/wp\/v2\/posts\/709\/revisions\/1099"}],"wp:featuredmedia":[{"embeddable":true,"href":"https:\/\/enlaciutat.es\/wordpress\/index.php?rest_route=\/wp\/v2\/media\/711"}],"wp:attachment":[{"href":"https:\/\/enlaciutat.es\/wordpress\/index.php?rest_route=%2Fwp%2Fv2%2Fmedia&parent=709"}],"wp:term":[{"taxonomy":"category","embeddable":true,"href":"https:\/\/enlaciutat.es\/wordpress\/index.php?rest_route=%2Fwp%2Fv2%2Fcategories&post=709"},{"taxonomy":"post_tag","embeddable":true,"href":"https:\/\/enlaciutat.es\/wordpress\/index.php?rest_route=%2Fwp%2Fv2%2Ftags&post=709"}],"curies":[{"name":"wp","href":"https:\/\/api.w.org\/{rel}","templated":true}]}}